{"id":1342,"date":"2007-08-18T12:00:03","date_gmt":"2007-08-18T10:00:03","guid":{"rendered":"http:\/\/www.roumazeilles.net\/news\/fr\/wordpress\/2007\/08\/18\/prochaine-generation-sony-alpha-200-ou-300\/"},"modified":"2007-09-07T18:59:13","modified_gmt":"2007-09-07T16:59:13","slug":"prochaine-generation-sony-alpha-200-ou-300","status":"publish","type":"post","link":"https:\/\/www.roumazeilles.net\/news\/fr\/wordpress\/2007\/08\/18\/prochaine-generation-sony-alpha-200-ou-300\/","title":{"rendered":"Prochaine g\u00e9n\u00e9ration Sony Alpha : 200 ou 300 ?"},"content":{"rendered":"<p>Un <a href=\"http:\/\/www.dyxum.com\/dforum\/forum_posts.asp?TID=18936&#038;PN=1\">post assez int\u00e9ressant sur les forums de Dyxum<\/a> nous en apprend plus sur l&rsquo;avenir des produits de photo num\u00e9rique reflex chez Sony (\u00e0 condition de croire ce qui n&rsquo;est encore qu&rsquo;une conversation entre des internautes qui affirment <em>savoir<\/em>). Le premier point concerne le nommage des appareils : il n&rsquo;est plus question de l&rsquo;Alpha 200 mais les prochains appareils seraient l&rsquo;Alpha 300 (cette ann\u00e9e) et Alpha 500 (l&rsquo;an prochain). Il faudra peut-\u00eatre que je renomme le titre de la cat\u00e9gorie dans laquelle je poste ces messages \ud83d\ude09<\/p>\n<p><img src='https:\/\/www.roumazeilles.net\/news\/en\/wordpress\/wp-content\/uploads\/sony_announce.jpg' alt='Sony Alpha 200\/300' align=\"left\"\/>Comprenons-nous : le mod\u00e8le le plus avanc\u00e9 (Alpha 500, donc) sera le premier <em>Full-Frame<\/em> de la gamme (un capteur de la taille d&rsquo;une image 24&#215;36). Il ne sera donc pas sp\u00e9cialement utilisable avec les objectifs optimis\u00e9s pour les petits capteurs APS-C. Cela est tout \u00e0 fait compatible avec l&rsquo;observation faite depuis longtemps que Sony n&rsquo;a d\u00e9velopp\u00e9 aucune optique de ce type et reste donc pr\u00eate \u00e0 basculer compl\u00e8tement vers des appareils <em>Full-Frame<\/em>, ce qui pourrait repr\u00e9senter un avantage comp\u00e9titif ind\u00e9niable face aux concurrents que sont Nikon et Canon et dans un environnement marketing o\u00f9 la pression des petits appareils compacts se fait de plus en plus sentir.<\/p>\n<p>Donc, l&rsquo;Alpha 500 aurait un capteur FF de 20MP et \u00e0 travers l&rsquo;utilisation d&rsquo;une intelligente organisation des zones sensibles sur le capteur, Sony affirmerait pouvoir \u00eatre consid\u00e9r\u00e9 comme fournissant 40MP. Ca va faire mal !<\/p>\n<p>Mais vous allez me dire que tout cela n&rsquo;est que sp\u00e9culation pour 2008. Reste pour 2007 l&rsquo;Alpha 300 (ou peut-on encore l&rsquo;appeler Alpha 200 ?) qui apporterait tout de m\u00eame 14-15 m\u00e9ga-pixels avec un facteur de crop de 1,25 qui le rapprocherait progressivement du FF. Imaginez un peu : comme l&rsquo;Alpha 100 avait choqu\u00e9 avec l&rsquo;arriv\u00e9e d&rsquo;un 10MP \u00e0 prix ultra-abordable \u00e0 un moment o\u00f9 seul Nikon pouvait se d\u00e9fendre sur ce terrain de la r\u00e9solution (grace \u00e0 un capteur Sony d&rsquo;ailleurs), l&rsquo;Alpha 200\/300 pourrait bien faire trembler les meilleurs, m\u00eame sans l&rsquo;argument un peu marketing du doublement de la r\u00e9solution par l&rsquo;organisation des sites sensibles sur le capteur.<\/p>\n<p>Mais pour rester compatible avec les optiques limit\u00e9es produites avant sa sortie, il y aurait une option qui permettrait de correctement utiliser les objectifs pour petit capteur (sans doute une option dans un menu permettant de <em>couper<\/em> les parties inutiles de l&rsquo;image en r\u00e9duisant un peu la r\u00e9solution &#8211; \u00e0 11MP sans doute). Ce serait une bonne solution pour ne pas d\u00e9sesp\u00e9rer les acheteurs d&rsquo;objectifs compatibles bon march\u00e9.<\/p>\n<p>Le reste du post revient sur les arguments marketing de Sony : \u00ab\u00a0<em>nous sommes les premiers fournisseurs mondiaux de capteurs photo ; nous avons su prendre 6% de parts de march\u00e9 \u00e0 Canon et Nikon en un an seulement, nous sommes pr\u00eats \u00e0 doubler Canon qui passerait \u00e0 la 3e place<\/em>\u00ab\u00a0. Tout cela se combine bien avec les informations qui nous sont r\u00e9cemment parvenues et qui indiquent que Canon a laiss\u00e9 la premi\u00e8re place \u00e0 Nikon sur le march\u00e9 japonais (dont beaucoup pensent qu&rsquo;il refl\u00e8te le march\u00e9 mondial avec un an d&rsquo;avance).<\/p>\n<p>De tels appareils seraient bien capables de faire de ce doux r\u00eave de Sony une r\u00e9alit\u00e9 bien palpable et ainsi de transformer le march\u00e9. N\u00e9anmoins, on ne sait toujours pas quand Sony voudra bien lancer un tel Alpha 200 ou 300. Il y a encore moins \u00e0 propos de l&rsquo;Alpha 500&#8230;<\/p>\n","protected":false},"excerpt":{"rendered":"<p>Un post assez int\u00e9ressant sur les forums de Dyxum nous en apprend plus sur l&rsquo;avenir des produits de photo num\u00e9rique reflex chez Sony (\u00e0 condition de croire ce qui n&rsquo;est encore qu&rsquo;une conversation entre des internautes qui affirment savoir). Le premier point concerne le nommage des appareils : il n&rsquo;est plus question de l&rsquo;Alpha 200 [&hellip;]<\/p>\n","protected":false},"author":1,"featured_media":7948,"comment_status":"open","ping_status":"open","sticky":false,"template":"","format":"standard","meta":{"footnotes":""},"categories":[81,33],"tags":[],"class_list":["post-1342","post","type-post","status-publish","format-standard","has-post-thumbnail","hentry","category-sony-alpha-200","category-technique"],"_links":{"self":[{"href":"https:\/\/www.roumazeilles.net\/news\/fr\/wordpress\/wp-json\/wp\/v2\/posts\/1342","targetHints":{"allow":["GET"]}}],"collection":[{"href":"https:\/\/www.roumazeilles.net\/news\/fr\/wordpress\/wp-json\/wp\/v2\/posts"}],"about":[{"href":"https:\/\/www.roumazeilles.net\/news\/fr\/wordpress\/wp-json\/wp\/v2\/types\/post"}],"author":[{"embeddable":true,"href":"https:\/\/www.roumazeilles.net\/news\/fr\/wordpress\/wp-json\/wp\/v2\/users\/1"}],"replies":[{"embeddable":true,"href":"https:\/\/www.roumazeilles.net\/news\/fr\/wordpress\/wp-json\/wp\/v2\/comments?post=1342"}],"version-history":[{"count":0,"href":"https:\/\/www.roumazeilles.net\/news\/fr\/wordpress\/wp-json\/wp\/v2\/posts\/1342\/revisions"}],"wp:featuredmedia":[{"embeddable":true,"href":"https:\/\/www.roumazeilles.net\/news\/fr\/wordpress\/wp-json\/wp\/v2\/media\/7948"}],"wp:attachment":[{"href":"https:\/\/www.roumazeilles.net\/news\/fr\/wordpress\/wp-json\/wp\/v2\/media?parent=1342"}],"wp:term":[{"taxonomy":"category","embeddable":true,"href":"https:\/\/www.roumazeilles.net\/news\/fr\/wordpress\/wp-json\/wp\/v2\/categories?post=1342"},{"taxonomy":"post_tag","embeddable":true,"href":"https:\/\/www.roumazeilles.net\/news\/fr\/wordpress\/wp-json\/wp\/v2\/tags?post=1342"}],"curies":[{"name":"wp","href":"https:\/\/api.w.org\/{rel}","templated":true}]}}