{"id":1456,"date":"2007-09-06T13:50:27","date_gmt":"2007-09-06T11:50:27","guid":{"rendered":"http:\/\/www.roumazeilles.net\/news\/fr\/wordpress\/2007\/09\/06\/pas-de-sony-alpha-200-mais-un-sony-alpha-700\/"},"modified":"2007-10-07T22:43:16","modified_gmt":"2007-10-07T20:43:16","slug":"pas-de-sony-alpha-200-mais-un-sony-alpha-700","status":"publish","type":"post","link":"https:\/\/www.roumazeilles.net\/news\/fr\/wordpress\/2007\/09\/06\/pas-de-sony-alpha-200-mais-un-sony-alpha-700\/","title":{"rendered":"Pas de Sony Alpha 200, mais un Sony Alpha 700"},"content":{"rendered":"<p><img src='https:\/\/www.roumazeilles.net\/news\/fr\/wordpress\/wp-content\/uploads\/alpha700.JPG' alt='Sony Alpha 700' align=\"left\"\/>Finalement, les rumeurs sur le nom du nouvel appareil photo num\u00e9rique reflex de Sony se sont r\u00e9v\u00e9l\u00e9es assez infond\u00e9es quant au nom du nouvel arrivant. Sony annonce aujourd&rsquo;hui son produit phare sous l&rsquo;\u00e9tiquette de <strong>Sony Alpha 700<\/strong> ou <strong>Sony A-700<\/strong>. Cela ressemble furieusement \u00e0 un retour vers la num\u00e9rotation de Minolta o\u00f9 le chiffre 7 repr\u00e9sentait les produits de haut de gamme (le chiffre 9 correspondait aux produits pro, 3 et 5 aux produits amateurs).<\/p>\n<p>Par contre, les indications g\u00e9n\u00e9rales sur les caract\u00e9ristiques techniques \u00e9taient plut\u00f4t pr\u00e9cises. Qu&rsquo;on en juge :<\/p>\n<ul>\n<li>Alliage de magn\u00e9sium pour un chassis l\u00e9ger et robuste (on avait contest\u00e9 \u00e0 l&rsquo;Alpha 100 sa construction un peu trop \u00ab\u00a0plastique\u00a0\u00bb<\/li>\n<li>Capteur 12,2MP en CMOS<\/li>\n<li>5 images par seconde (rafales de 17 images en Raw)<\/li>\n<li>Autofocus \u00e0 11 points<\/li>\n<li>100-6400 ISO (on attendra de voir la qualit\u00e9 pour savoir)<\/li>\n<li>Vitesse max 1\/8000e seconde (synchro flash \u00e0 1\/250e)<\/li>\n<li>Ecran LCD 3&Prime; (7,5cm)<\/li>\n<li>Poign\u00e9e optionnelle avec piles<\/li>\n<li>Compatible cartes m\u00e9moire Flash CompactFlash et MemoryStick<\/li>\n<li>Syt\u00e8me Flash Minolta<\/li>\n<li>Sortie vid\u00e9o HDMI, PAL, NTSC<\/li>\n<\/ul>\n<p><!--adsense#square250-->Vous remarquerez que, contrairement \u00e0 de nombreux autres appareils annonc\u00e9s r\u00e9cemment, il n&rsquo;y a pas d&rsquo;option LiveView. Ce n&rsquo;est pas que j&rsquo;y tienne sp\u00e9cialement (je pense que ce n&rsquo;est pas souvent utile), mais c&rsquo;est une diff\u00e9rence notable par rapport \u00e0 la vague actuelle.<\/p>\n<p>Tout cela met l&rsquo;appareil dans la m\u00eame classe que l&rsquo;ancien Konica-Minolta Dynax 7D qu&rsquo;il vient remplacer et dans la comp\u00e9tition contre les autres appareils \u00e0 plus de $1000\/1000&#8364; qui ont \u00e9t\u00e9 lanc\u00e9s ou annonc\u00e9s par Nikon, Canon, Panasonic, Olympus, etc. N\u00e9anmoins, le prix n&rsquo;est pas officialis\u00e9 encore alors que les appareils seront disponibles d\u00e8s la mi-octobre.<\/p>\n<p>Liens utiles :<\/p>\n<ul>\n<li><a href=\"http:\/\/www.dpreview.com\/news\/0709\/07090601sonydslra700.asp\">DP review<\/a><\/li>\n<li><a href=\"http:\/\/www.photographyblog.com\/index.php\/weblog\/comments\/sony_a700_dslr\/\">Photography blog<\/a><\/li>\n<li><a href=\"http:\/\/www.popphoto.com\/photonews\/4565\/sony-unveils-alpha-a700.html\">PopPhoto<\/a><\/li>\n<li><a href=\"http:\/\/www.thinkcamera.com\/news\/article.asp?UAN=573&#038;v=1\">ThinkCamera<\/a><\/li>\n<li><a href=\"http:\/\/www.photoreview.com.au\/reviews\/digitalslr\/sony-dslra700.aspx\">PhotoReview<\/a><\/li>\n<li><a href=\"http:\/\/www.questionsphoto.com\/article\/60-prise-en-main-du-sony-alpha-700\">QuestionsPhoto<\/a> (prise en main)<\/li>\n<li><a href=\"http:\/\/www.imaging-resource.com\/PRODS\/AA700\/AA700A.HTM\">Imaging Resource<\/a> (preview)<\/li>\n<\/ul>\n","protected":false},"excerpt":{"rendered":"<p>Finalement, les rumeurs sur le nom du nouvel appareil photo num\u00e9rique reflex de Sony se sont r\u00e9v\u00e9l\u00e9es assez infond\u00e9es quant au nom du nouvel arrivant. Sony annonce aujourd&rsquo;hui son produit phare sous l&rsquo;\u00e9tiquette de Sony Alpha 700 ou Sony A-700. Cela ressemble furieusement \u00e0 un retour vers la num\u00e9rotation de Minolta o\u00f9 le chiffre 7 [&hellip;]<\/p>\n","protected":false},"author":1,"featured_media":7992,"comment_status":"open","ping_status":"open","sticky":false,"template":"","format":"standard","meta":{"footnotes":""},"categories":[31,81,33],"tags":[],"class_list":["post-1456","post","type-post","status-publish","format-standard","has-post-thumbnail","hentry","category-photo","category-sony-alpha-200","category-technique"],"_links":{"self":[{"href":"https:\/\/www.roumazeilles.net\/news\/fr\/wordpress\/wp-json\/wp\/v2\/posts\/1456","targetHints":{"allow":["GET"]}}],"collection":[{"href":"https:\/\/www.roumazeilles.net\/news\/fr\/wordpress\/wp-json\/wp\/v2\/posts"}],"about":[{"href":"https:\/\/www.roumazeilles.net\/news\/fr\/wordpress\/wp-json\/wp\/v2\/types\/post"}],"author":[{"embeddable":true,"href":"https:\/\/www.roumazeilles.net\/news\/fr\/wordpress\/wp-json\/wp\/v2\/users\/1"}],"replies":[{"embeddable":true,"href":"https:\/\/www.roumazeilles.net\/news\/fr\/wordpress\/wp-json\/wp\/v2\/comments?post=1456"}],"version-history":[{"count":0,"href":"https:\/\/www.roumazeilles.net\/news\/fr\/wordpress\/wp-json\/wp\/v2\/posts\/1456\/revisions"}],"wp:featuredmedia":[{"embeddable":true,"href":"https:\/\/www.roumazeilles.net\/news\/fr\/wordpress\/wp-json\/wp\/v2\/media\/7992"}],"wp:attachment":[{"href":"https:\/\/www.roumazeilles.net\/news\/fr\/wordpress\/wp-json\/wp\/v2\/media?parent=1456"}],"wp:term":[{"taxonomy":"category","embeddable":true,"href":"https:\/\/www.roumazeilles.net\/news\/fr\/wordpress\/wp-json\/wp\/v2\/categories?post=1456"},{"taxonomy":"post_tag","embeddable":true,"href":"https:\/\/www.roumazeilles.net\/news\/fr\/wordpress\/wp-json\/wp\/v2\/tags?post=1456"}],"curies":[{"name":"wp","href":"https:\/\/api.w.org\/{rel}","templated":true}]}}