{"id":161,"date":"2006-03-21T12:07:14","date_gmt":"2006-03-21T11:07:14","guid":{"rendered":"http:\/\/www.roumazeilles.net\/news\/fr\/wordpress\/2006\/03\/19\/reflex-sony-ca-se-presente-mal\/"},"modified":"2007-08-02T17:53:46","modified_gmt":"2007-08-02T15:53:46","slug":"reflex-sony-ca-se-presente-mal","status":"publish","type":"post","link":"https:\/\/www.roumazeilles.net\/news\/fr\/wordpress\/2006\/03\/21\/reflex-sony-ca-se-presente-mal\/","title":{"rendered":"Reflex Sony, \u00e7a se pr\u00e9sente mal"},"content":{"rendered":"<p><!--adsense#square_left--><img decoding=\"async\" id=\"image22\" src=\"https:\/\/www.roumazeilles.net\/news\/en\/wordpress\/wp-content\/uploads\/minolta.gif\" alt=\"Konica-Minolta\" align=\"right\"\/>Les commentaires rapport\u00e9s par <a href=\"http:\/\/photoreporter.com\/article.asp?issueID=57&#038;num=5&#038;vol=14%20&#038;articleType=fc&#038;articleID=631\">PhotoReporter.com<\/a> sont vraiment inqui\u00e9tants pour le futur de la ligne de produits reflex num\u00e9riques de Konica-Minolta.<\/p>\n<p>Si j&rsquo;ai bien compris le message renvoy\u00e9 par Sony, on peut attendre un mouvement s&rsquo;\u00e9loignant des produits que nous connaissons chez KM et en direction d&rsquo;appareils photo qui pourraient davantage ressembler \u00e0 un Sony RD1. On y trouve \u00e9galement l&rsquo;annonce du probable remplacement de pi\u00e8ces m\u00e9caniques par de l&rsquo;\u00e9lectronique (je m&rsquo;attends \u00e0 voir ainsi dispara\u00eetre le merveilleux verre de vis\u00e9e AcuteMate au profit d&rsquo;un catastrophique viseur \u00e9lectronique). Le \u00ab\u00a0<em>niche world of professionals<\/em>\u00a0\u00bb (la niche commerciale du monde des profesionnels) pourrait aussi indiquer que nous autres amateurs passionn\u00e9s allons nous retrouver \u00e9chou\u00e9s sur la c\u00f4te.<\/p>\n","protected":false},"excerpt":{"rendered":"<p>Les commentaires rapport\u00e9s par PhotoReporter.com sont vraiment inqui\u00e9tants pour le futur de la ligne de produits reflex num\u00e9riques de Konica-Minolta. Si j&rsquo;ai bien compris le message renvoy\u00e9 par Sony, on peut attendre un mouvement s&rsquo;\u00e9loignant des produits que nous connaissons chez KM et en direction d&rsquo;appareils photo qui pourraient davantage ressembler \u00e0 un Sony RD1. [&hellip;]<\/p>\n","protected":false},"author":1,"featured_media":7695,"comment_status":"open","ping_status":"open","sticky":false,"template":"","format":"standard","meta":{"footnotes":""},"categories":[6,72],"tags":[],"class_list":["post-161","post","type-post","status-publish","format-standard","has-post-thumbnail","hentry","category-acheter-un-reflex-numerique","category-sony"],"_links":{"self":[{"href":"https:\/\/www.roumazeilles.net\/news\/fr\/wordpress\/wp-json\/wp\/v2\/posts\/161","targetHints":{"allow":["GET"]}}],"collection":[{"href":"https:\/\/www.roumazeilles.net\/news\/fr\/wordpress\/wp-json\/wp\/v2\/posts"}],"about":[{"href":"https:\/\/www.roumazeilles.net\/news\/fr\/wordpress\/wp-json\/wp\/v2\/types\/post"}],"author":[{"embeddable":true,"href":"https:\/\/www.roumazeilles.net\/news\/fr\/wordpress\/wp-json\/wp\/v2\/users\/1"}],"replies":[{"embeddable":true,"href":"https:\/\/www.roumazeilles.net\/news\/fr\/wordpress\/wp-json\/wp\/v2\/comments?post=161"}],"version-history":[{"count":0,"href":"https:\/\/www.roumazeilles.net\/news\/fr\/wordpress\/wp-json\/wp\/v2\/posts\/161\/revisions"}],"wp:featuredmedia":[{"embeddable":true,"href":"https:\/\/www.roumazeilles.net\/news\/fr\/wordpress\/wp-json\/wp\/v2\/media\/7695"}],"wp:attachment":[{"href":"https:\/\/www.roumazeilles.net\/news\/fr\/wordpress\/wp-json\/wp\/v2\/media?parent=161"}],"wp:term":[{"taxonomy":"category","embeddable":true,"href":"https:\/\/www.roumazeilles.net\/news\/fr\/wordpress\/wp-json\/wp\/v2\/categories?post=161"},{"taxonomy":"post_tag","embeddable":true,"href":"https:\/\/www.roumazeilles.net\/news\/fr\/wordpress\/wp-json\/wp\/v2\/tags?post=161"}],"curies":[{"name":"wp","href":"https:\/\/api.w.org\/{rel}","templated":true}]}}