{"id":2468,"date":"2008-09-15T09:09:39","date_gmt":"2008-09-15T07:09:39","guid":{"rendered":"http:\/\/www.roumazeilles.net\/news\/fr\/wordpress\/?p=2468"},"modified":"2008-09-21T10:47:07","modified_gmt":"2008-09-21T08:47:07","slug":"calendrier-pre-photokina-actus-photo","status":"publish","type":"post","link":"https:\/\/www.roumazeilles.net\/news\/fr\/wordpress\/2008\/09\/15\/calendrier-pre-photokina-actus-photo\/","title":{"rendered":"Calendrier pr\u00e9-Photokina (actus photo)"},"content":{"rendered":"<p><a href=\"https:\/\/www.roumazeilles.net\/news\/fr\/wordpress\/wp-content\/uploads\/2008\/09\/keyvisual_photokina.jpg\"><img loading=\"lazy\" decoding=\"async\" class=\"alignright size-thumbnail wp-image-2471\" title=\"Photokina\" src=\"https:\/\/www.roumazeilles.net\/news\/fr\/wordpress\/wp-content\/uploads\/2008\/09\/keyvisual_photokina-123x150.jpg\" alt=\"\" width=\"123\" height=\"150\" srcset=\"https:\/\/www.roumazeilles.net\/news\/fr\/wordpress\/wp-content\/uploads\/2008\/09\/keyvisual_photokina-123x150.jpg 123w, https:\/\/www.roumazeilles.net\/news\/fr\/wordpress\/wp-content\/uploads\/2008\/09\/keyvisual_photokina-247x300.jpg 247w, https:\/\/www.roumazeilles.net\/news\/fr\/wordpress\/wp-content\/uploads\/2008\/09\/keyvisual_photokina.jpg 500w\" sizes=\"auto, (max-width: 123px) 100vw, 123px\" \/><\/a>Les pr\u00e9visions possibles pour les annonces les plus importantes (\u00e0 mes yeux \ud83d\ude42 ) que l&rsquo;on attend juste avant la foire de la Photokina \u00e0 Cologne.<\/p>\n<table class=\"std_box\" border=\"0\" align=\"center\">\n<tbody>\n<tr>\n<td>18 septembre<\/td>\n<td>Objectifs Nikon : AF-S 50mm\/1.4 G &#8211; AF-S 85mm\/1.4 G &#8211; AF-S 70-200mm\/2,8 VRII.<\/p>\n<p>Un nouveau reflex chez Nikon : D800 ou D900 (reflex Full Frame \u00e0 24,6MP, \u00e0 capteur d&rsquo;origine Sony).<\/p>\n<p>Ou un nouveau reflex pro chez Nikon : D3x ou D4 (pas s\u00fbr, il ne devrait \u00eatre pr\u00eat qu&rsquo;\u00e0 la fin 2008 ou d\u00e9but 2009).<\/td>\n<\/tr>\n<tr>\n<td>23 septembre<\/td>\n<td>Photoshop CS4 &amp; Flash CS4<\/td>\n<\/tr>\n<tr>\n<td>Seulement pendant la Photokina<\/td>\n<td>1er appareil Olympus avec un capteur <em>Micro Four Thirds<\/em><\/td>\n<\/tr>\n<tr>\n<td>Probablement jamais :<\/td>\n<td>Canon EF 100-400 f\/4-5.6L IS II (the replacement for the best-selling tele-zoom).<\/td>\n<\/tr>\n<\/tbody>\n<\/table>\n<p>Attention : j&rsquo;ai dit <strong>annonces<\/strong>, pas forc\u00e9ment disponibilit\u00e9 des produits.<\/p>\n<p>D\u00e9j\u00e0 annonc\u00e9s :<\/p>\n<table class=\"std_box\" border=\"0\" align=\"center\">\n<tbody>\n<tr>\n<td>Canon EOS 5D Mark II, r\u00e9flex Full Frame \u00e0 21,1 m\u00e9ga pixels<\/td>\n<\/tr>\n<tr>\n<td>Nouvelle monture d&rsquo;objectifs <strong>ZE<\/strong> chez Carl Zeiss (pour <strong>Canon EF<\/strong>) :<\/p>\n<ul>\n<li>Planar 50mm f\/1.4 (580\u20ac),<\/li>\n<li>Planar  85mm f\/1.4 (1000\u20ac),<\/li>\n<li>Distagon 21mm f\/2.8 (1400\u20ac).<\/li>\n<\/ul>\n<\/td>\n<\/tr>\n<tr>\n<td>Nouveau reflex Panasonic DMC-G1, avec un capteur <em>Micro Four Thirds.<\/em><\/td>\n<\/tr>\n<tr>\n<td>Sony Alpha 900 (reflex Full Frame 24,6 MP) et objectifs pro associ\u00e9s<br \/>\n(Sony 70-400 f4-5.6 G SSM, Carl Zeiss 16-35mm f2.8)<\/td>\n<\/tr>\n<tr>\n<td>Photoshop CS4 (vu au Photoshop World show \u00e0 Las Vegas)<\/td>\n<\/tr>\n<tr>\n<td>Google Picasa v3 (avec reconnaissance des visages)<\/td>\n<\/tr>\n<tr>\n<td>Bibble 5 Pro [<a href=\"http:\/\/www.questionsphoto.com\/article\/198-bibble-5-sortie-a-la-photokina\">1<\/a>]<\/td>\n<\/tr>\n<tr>\n<td>Canon EOS 50D<\/td>\n<\/tr>\n<\/tbody>\n<\/table>\n<p>Attention : je mettrai cette liste \u00e0 jour aussi souvent que possible pour suivre les informations disponibles et cela peut l&rsquo;amener \u00e0 para\u00eetre plusieurs fois dans les flux RSS ou \u00e0 changer de date.<\/p>\n","protected":false},"excerpt":{"rendered":"<p>Les pr\u00e9visions possibles pour les annonces les plus importantes (\u00e0 mes yeux \ud83d\ude42 ) que l&rsquo;on attend juste avant la foire de la Photokina \u00e0 Cologne. 18 septembre Objectifs Nikon : AF-S 50mm\/1.4 G &#8211; AF-S 85mm\/1.4 G &#8211; AF-S 70-200mm\/2,8 VRII. Un nouveau reflex chez Nikon : D800 ou D900 (reflex Full Frame \u00e0 [&hellip;]<\/p>\n","protected":false},"author":1,"featured_media":2471,"comment_status":"open","ping_status":"open","sticky":false,"template":"","format":"standard","meta":{"footnotes":""},"categories":[889,90,89,91,738,1049,1006,1048,1038,85,95,86,33],"tags":[262],"class_list":["post-2468","post","type-post","status-publish","format-standard","has-post-thumbnail","hentry","category-canon-eos-3d","category-canon-eos-5d-mk-ii","category-canon-eos-6d","category-canon-eos-7d","category-nikon-d3x","category-nikon-d4","category-nikon-d700","category-nikon-d800","category-nikon-d900","category-olympus","category-panasonic","category-photo-graphique","category-technique","tag-photokina"],"_links":{"self":[{"href":"https:\/\/www.roumazeilles.net\/news\/fr\/wordpress\/wp-json\/wp\/v2\/posts\/2468","targetHints":{"allow":["GET"]}}],"collection":[{"href":"https:\/\/www.roumazeilles.net\/news\/fr\/wordpress\/wp-json\/wp\/v2\/posts"}],"about":[{"href":"https:\/\/www.roumazeilles.net\/news\/fr\/wordpress\/wp-json\/wp\/v2\/types\/post"}],"author":[{"embeddable":true,"href":"https:\/\/www.roumazeilles.net\/news\/fr\/wordpress\/wp-json\/wp\/v2\/users\/1"}],"replies":[{"embeddable":true,"href":"https:\/\/www.roumazeilles.net\/news\/fr\/wordpress\/wp-json\/wp\/v2\/comments?post=2468"}],"version-history":[{"count":0,"href":"https:\/\/www.roumazeilles.net\/news\/fr\/wordpress\/wp-json\/wp\/v2\/posts\/2468\/revisions"}],"wp:featuredmedia":[{"embeddable":true,"href":"https:\/\/www.roumazeilles.net\/news\/fr\/wordpress\/wp-json\/wp\/v2\/media\/2471"}],"wp:attachment":[{"href":"https:\/\/www.roumazeilles.net\/news\/fr\/wordpress\/wp-json\/wp\/v2\/media?parent=2468"}],"wp:term":[{"taxonomy":"category","embeddable":true,"href":"https:\/\/www.roumazeilles.net\/news\/fr\/wordpress\/wp-json\/wp\/v2\/categories?post=2468"},{"taxonomy":"post_tag","embeddable":true,"href":"https:\/\/www.roumazeilles.net\/news\/fr\/wordpress\/wp-json\/wp\/v2\/tags?post=2468"}],"curies":[{"name":"wp","href":"https:\/\/api.w.org\/{rel}","templated":true}]}}