{"id":2639,"date":"2008-09-12T20:05:34","date_gmt":"2008-09-12T18:05:34","guid":{"rendered":"http:\/\/www.roumazeilles.net\/news\/fr\/wordpress\/?p=2639"},"modified":"2008-09-12T20:05:34","modified_gmt":"2008-09-12T18:05:34","slug":"lombre-dun-canon-eos-5d-mkii","status":"publish","type":"post","link":"https:\/\/www.roumazeilles.net\/news\/fr\/wordpress\/2008\/09\/12\/lombre-dun-canon-eos-5d-mkii\/","title":{"rendered":"L&rsquo;ombre d&rsquo;un Canon EOS 5D MkII"},"content":{"rendered":"<p>Voil\u00e0 comment appara\u00eet la bande-annonce de Canon pour <a href=\"http:\/\/www.canon.com\/moon\/en\/\">le prochain Canon EOS 5D MkII<\/a>. Comme on peut le reconna\u00eetre, Canon s&rsquo;est assur\u00e9 que plusieurs zones importantes de l&rsquo;image sont bel et bien camoufl\u00e9es (les parties jaunasses en bas, en haut de l&rsquo;objectif, ou \u00e0 droite sous la marque EOS). Mais on peut remarquer que le style a \u00e9t\u00e9 all\u00e9g\u00e9 et rendu plus souple que sur le pr\u00e9c\u00e9dent EOS 5D. A l&rsquo;\u00e9vidence, on conserve aussi la m\u00eame organisation, au vu des profils des boutons, et on n&rsquo;aura pas de flash int\u00e9gr\u00e9.<\/p>\n<figure id=\"attachment_2401\" aria-describedby=\"caption-attachment-2401\" style=\"width: 467px\" class=\"wp-caption aligncenter\"><a href=\"https:\/\/www.roumazeilles.net\/news\/en\/wordpress\/wp-content\/uploads\/2008\/09\/canon-eos-5d-mkii-blown-out.jpg\"><img loading=\"lazy\" decoding=\"async\" class=\"size-full wp-image-2401\" title=\"canon-eos-5d-mkii-blown-out\" src=\"https:\/\/www.roumazeilles.net\/news\/en\/wordpress\/wp-content\/uploads\/2008\/09\/canon-eos-5d-mkii-blown-out.jpg\" alt=\"Canon EOS 5D MkII\" width=\"467\" height=\"263\" \/><\/a><figcaption id=\"caption-attachment-2401\" class=\"wp-caption-text\">Canon EOS 5D MkII<\/figcaption><\/figure>\n<p>Pas assez pour anticiper sur l&rsquo;annonce du 17 septembre prochain.<\/p>\n","protected":false},"excerpt":{"rendered":"<p>Voil\u00e0 comment appara\u00eet la bande-annonce de Canon pour le prochain Canon EOS 5D MkII. Comme on peut le reconna\u00eetre, Canon s&rsquo;est assur\u00e9 que plusieurs zones importantes de l&rsquo;image sont bel et bien camoufl\u00e9es (les parties jaunasses en bas, en haut de l&rsquo;objectif, ou \u00e0 droite sous la marque EOS). Mais on peut remarquer que le [&hellip;]<\/p>\n","protected":false},"author":1,"featured_media":2401,"comment_status":"open","ping_status":"open","sticky":false,"template":"","format":"standard","meta":{"footnotes":""},"categories":[90],"tags":[],"class_list":["post-2639","post","type-post","status-publish","format-standard","has-post-thumbnail","hentry","category-canon-eos-5d-mk-ii"],"_links":{"self":[{"href":"https:\/\/www.roumazeilles.net\/news\/fr\/wordpress\/wp-json\/wp\/v2\/posts\/2639","targetHints":{"allow":["GET"]}}],"collection":[{"href":"https:\/\/www.roumazeilles.net\/news\/fr\/wordpress\/wp-json\/wp\/v2\/posts"}],"about":[{"href":"https:\/\/www.roumazeilles.net\/news\/fr\/wordpress\/wp-json\/wp\/v2\/types\/post"}],"author":[{"embeddable":true,"href":"https:\/\/www.roumazeilles.net\/news\/fr\/wordpress\/wp-json\/wp\/v2\/users\/1"}],"replies":[{"embeddable":true,"href":"https:\/\/www.roumazeilles.net\/news\/fr\/wordpress\/wp-json\/wp\/v2\/comments?post=2639"}],"version-history":[{"count":0,"href":"https:\/\/www.roumazeilles.net\/news\/fr\/wordpress\/wp-json\/wp\/v2\/posts\/2639\/revisions"}],"wp:featuredmedia":[{"embeddable":true,"href":"https:\/\/www.roumazeilles.net\/news\/fr\/wordpress\/wp-json\/wp\/v2\/posts\/2401"}],"wp:attachment":[{"href":"https:\/\/www.roumazeilles.net\/news\/fr\/wordpress\/wp-json\/wp\/v2\/media?parent=2639"}],"wp:term":[{"taxonomy":"category","embeddable":true,"href":"https:\/\/www.roumazeilles.net\/news\/fr\/wordpress\/wp-json\/wp\/v2\/categories?post=2639"},{"taxonomy":"post_tag","embeddable":true,"href":"https:\/\/www.roumazeilles.net\/news\/fr\/wordpress\/wp-json\/wp\/v2\/tags?post=2639"}],"curies":[{"name":"wp","href":"https:\/\/api.w.org\/{rel}","templated":true}]}}