{"id":5350,"date":"2011-05-08T12:43:15","date_gmt":"2011-05-08T10:43:15","guid":{"rendered":"http:\/\/www.roumazeilles.net\/news\/fr\/wordpress\/?p=5350"},"modified":"2011-04-24T14:02:18","modified_gmt":"2011-04-24T12:02:18","slug":"vexin-francais-fond-decran-gratuit","status":"publish","type":"post","link":"https:\/\/www.roumazeilles.net\/news\/fr\/wordpress\/2011\/05\/08\/vexin-francais-fond-decran-gratuit\/","title":{"rendered":"Vexin fran\u00e7ais : fond d&rsquo;\u00e9cran gratuit"},"content":{"rendered":"<p>Si vous cherchiez un fond d&rsquo;\u00e9cran inspir\u00e9 de la campagne fran\u00e7aise, voici un printemps en Vexin fran\u00e7ais.<\/p>\n<figure id=\"attachment_4933\" aria-describedby=\"caption-attachment-4933\" style=\"width: 600px\" class=\"wp-caption aligncenter\"><a href=\"https:\/\/www.roumazeilles.net\/news\/en\/wordpress\/wp-content\/uploads\/2011\/04\/DSC8910-Arbres-en-Vexin-wallpaper_1920.jpg\"><img loading=\"lazy\" decoding=\"async\" src=\"https:\/\/www.roumazeilles.net\/news\/en\/wordpress\/wp-content\/uploads\/2011\/04\/DSC8910-Arbres-en-Vexin-wallpaper_1920-600x375.jpg\" alt=\"\" title=\"SONY DSC\" width=\"600\" height=\"375\" class=\"size-large wp-image-4933\" \/><\/a><figcaption id=\"caption-attachment-4933\" class=\"wp-caption-text\">Copyright (C) Yves Roumazeilles - Tous droits r\u00e9serv\u00e9s<\/figcaption><\/figure>\n<p>Fond d&rsquo;\u00e9cran disponible en plusieurs tailles :<\/p>\n<ul>\n<li><a href=\"https:\/\/www.roumazeilles.net\/news\/en\/wordpress\/wp-content\/uploads\/2011\/04\/DSC8910-Arbres-en-Vexin-wallpaper_1920.jpg\">1920 x 1200 pixels<\/a><\/li>\n<li><a href=\"https:\/\/www.roumazeilles.net\/news\/en\/wordpress\/wp-content\/uploads\/2011\/04\/DSC8910-Arbres-en-Vexin-wallpaper_1280.jpg\">1280 x 1024 pixels<\/a><\/li>\n<li><a href=\"https:\/\/www.roumazeilles.net\/news\/en\/wordpress\/wp-content\/uploads\/2011\/04\/DSC8910-Arbres-en-Vexin-wallpaper_1024.jpg\">1024 x 768 pixels<\/a><\/li>\n<\/ul>\n","protected":false},"excerpt":{"rendered":"<p>Si vous cherchiez un fond d&rsquo;\u00e9cran inspir\u00e9 de la campagne fran\u00e7aise, voici un printemps en Vexin fran\u00e7ais. Fond d&rsquo;\u00e9cran disponible en plusieurs tailles : 1920 x 1200 pixels 1280 x 1024 pixels 1024 x 768 pixels<\/p>\n","protected":false},"author":1,"featured_media":7059,"comment_status":"open","ping_status":"open","sticky":false,"template":"","format":"standard","meta":{"footnotes":""},"categories":[54,59,19],"tags":[837,1498],"class_list":["post-5350","post","type-post","status-publish","format-standard","has-post-thumbnail","hentry","category-graphique-affichage","category-rechauffement-climatique","category-safari-photo","tag-fond-decran","tag-vexin"],"_links":{"self":[{"href":"https:\/\/www.roumazeilles.net\/news\/fr\/wordpress\/wp-json\/wp\/v2\/posts\/5350","targetHints":{"allow":["GET"]}}],"collection":[{"href":"https:\/\/www.roumazeilles.net\/news\/fr\/wordpress\/wp-json\/wp\/v2\/posts"}],"about":[{"href":"https:\/\/www.roumazeilles.net\/news\/fr\/wordpress\/wp-json\/wp\/v2\/types\/post"}],"author":[{"embeddable":true,"href":"https:\/\/www.roumazeilles.net\/news\/fr\/wordpress\/wp-json\/wp\/v2\/users\/1"}],"replies":[{"embeddable":true,"href":"https:\/\/www.roumazeilles.net\/news\/fr\/wordpress\/wp-json\/wp\/v2\/comments?post=5350"}],"version-history":[{"count":0,"href":"https:\/\/www.roumazeilles.net\/news\/fr\/wordpress\/wp-json\/wp\/v2\/posts\/5350\/revisions"}],"wp:featuredmedia":[{"embeddable":true,"href":"https:\/\/www.roumazeilles.net\/news\/fr\/wordpress\/wp-json\/wp\/v2\/media\/7059"}],"wp:attachment":[{"href":"https:\/\/www.roumazeilles.net\/news\/fr\/wordpress\/wp-json\/wp\/v2\/media?parent=5350"}],"wp:term":[{"taxonomy":"category","embeddable":true,"href":"https:\/\/www.roumazeilles.net\/news\/fr\/wordpress\/wp-json\/wp\/v2\/categories?post=5350"},{"taxonomy":"post_tag","embeddable":true,"href":"https:\/\/www.roumazeilles.net\/news\/fr\/wordpress\/wp-json\/wp\/v2\/tags?post=5350"}],"curies":[{"name":"wp","href":"https:\/\/api.w.org\/{rel}","templated":true}]}}