{"id":765,"date":"2007-01-18T09:33:51","date_gmt":"2007-01-18T08:33:51","guid":{"rendered":"http:\/\/www.roumazeilles.net\/news\/fr\/wordpress\/2007\/01\/18\/obligation-de-declaration-pour-les-bloggeurs-us\/"},"modified":"2007-03-07T20:46:38","modified_gmt":"2007-03-07T19:46:38","slug":"obligation-de-declaration-pour-les-bloggeurs-us","status":"publish","type":"post","link":"https:\/\/www.roumazeilles.net\/news\/fr\/wordpress\/2007\/01\/18\/obligation-de-declaration-pour-les-bloggeurs-us\/","title":{"rendered":"Obligation de d\u00e9claration pour les bloggeurs US"},"content":{"rendered":"<p>Il a actuellement des discussions dans le corps l\u00e9gislatif am\u00e9ricain en vue de forcer les auteurs de blogs \u00e0 s&rsquo;enregistrer aupr\u00e8s du gouvernement f\u00e9d\u00e9ral am\u00e9ricain de la m\u00eame mani\u00e8re que les lobyyistes \u00e0 partir du moment o\u00f9 leur blog d\u00e9passe les 500 lecteurs. Il s&rsquo;agit du produit d&rsquo;un amendement d\u00e9pos\u00e9 par le S\u00e9nateur David Vitter qui s&rsquo;efforce de le transformer en bonne et vraie loi, mais il s&rsquo;agit aussi d&rsquo;un consid\u00e9rable coup port\u00e9 contre la libert\u00e9 d&rsquo;expression prot\u00e9g\u00e9e par le Premier Amendement de la Constitution des Etats-Unis d&rsquo;Am\u00e9rique.<\/p>\n<p>Sources : <a href=\"http:\/\/www.prnewswire.com\/cgi-bin\/stories.pl?ACCT=ind_focus.story&#038;STORY=\/www\/story\/01-16-2007\/0004507242&#038;EDATE=TUE+Jan+16+2007,+06:34+PM\">PRNewsWire<\/a> et <a href=\"http:\/\/www.grassrootsfreedom.com\/gw3\/articles-home\/articles.php?action=view&#038;CMSArticleID=398&#038;CMSCategoryID=24\">GrassRootFreedom<\/a>.<\/p>\n","protected":false},"excerpt":{"rendered":"<p>Il a actuellement des discussions dans le corps l\u00e9gislatif am\u00e9ricain en vue de forcer les auteurs de blogs \u00e0 s&rsquo;enregistrer aupr\u00e8s du gouvernement f\u00e9d\u00e9ral am\u00e9ricain de la m\u00eame mani\u00e8re que les lobyyistes \u00e0 partir du moment o\u00f9 leur blog d\u00e9passe les 500 lecteurs. Il s&rsquo;agit du produit d&rsquo;un amendement d\u00e9pos\u00e9 par le S\u00e9nateur David Vitter [&hellip;]<\/p>\n","protected":false},"author":1,"featured_media":0,"comment_status":"open","ping_status":"open","sticky":false,"template":"","format":"standard","meta":{"footnotes":""},"categories":[44,67,24,17,2],"tags":[],"class_list":["post-765","post","type-post","status-publish","format-standard","hentry","category-blog","category-libertes","category-livres","category-culture","category-wordpress"],"_links":{"self":[{"href":"https:\/\/www.roumazeilles.net\/news\/fr\/wordpress\/wp-json\/wp\/v2\/posts\/765","targetHints":{"allow":["GET"]}}],"collection":[{"href":"https:\/\/www.roumazeilles.net\/news\/fr\/wordpress\/wp-json\/wp\/v2\/posts"}],"about":[{"href":"https:\/\/www.roumazeilles.net\/news\/fr\/wordpress\/wp-json\/wp\/v2\/types\/post"}],"author":[{"embeddable":true,"href":"https:\/\/www.roumazeilles.net\/news\/fr\/wordpress\/wp-json\/wp\/v2\/users\/1"}],"replies":[{"embeddable":true,"href":"https:\/\/www.roumazeilles.net\/news\/fr\/wordpress\/wp-json\/wp\/v2\/comments?post=765"}],"version-history":[{"count":0,"href":"https:\/\/www.roumazeilles.net\/news\/fr\/wordpress\/wp-json\/wp\/v2\/posts\/765\/revisions"}],"wp:attachment":[{"href":"https:\/\/www.roumazeilles.net\/news\/fr\/wordpress\/wp-json\/wp\/v2\/media?parent=765"}],"wp:term":[{"taxonomy":"category","embeddable":true,"href":"https:\/\/www.roumazeilles.net\/news\/fr\/wordpress\/wp-json\/wp\/v2\/categories?post=765"},{"taxonomy":"post_tag","embeddable":true,"href":"https:\/\/www.roumazeilles.net\/news\/fr\/wordpress\/wp-json\/wp\/v2\/tags?post=765"}],"curies":[{"name":"wp","href":"https:\/\/api.w.org\/{rel}","templated":true}]}}